{"id":12532,"date":"2025-05-21T16:51:29","date_gmt":"2025-05-21T16:51:29","guid":{"rendered":"https:\/\/iliosrestaurante.com.mx\/es\/?p=12532"},"modified":"2025-05-21T16:51:30","modified_gmt":"2025-05-21T16:51:30","slug":"ilios-los-cabos-la-promesa-de-grecia-en-el-corazon-del-pacifico","status":"publish","type":"post","link":"https:\/\/iliosrestaurante.com.mx\/es\/2025\/05\/21\/ilios-los-cabos-la-promesa-de-grecia-en-el-corazon-del-pacifico\/","title":{"rendered":"Ilios Los Cabos: La Promesa de Grecia en el Coraz\u00f3n del Pac\u00edfico"},"content":{"rendered":"\n<h2 class=\"wp-block-heading\">lios Los Cabos: La Promesa de Grecia en el Coraz\u00f3n del Pac\u00edfico<\/h2>\n\n\n\n<p>La costa del Pac\u00edfico mexicano se prepara para recibir uno de los conceptos m\u00e1s elegantes y esperados del a\u00f1o: <em>Ilios Los Cabos<\/em>. Esta joya gastron\u00f3mica, que abrir\u00e1 sus puertas durante el mes de mayo (fecha por confirmar), promete conquistar los sentidos con su propuesta de cocina griega elevada, servicio impecable y un dise\u00f1o arquitect\u00f3nico que fusiona la sofisticaci\u00f3n contempor\u00e1nea con el alma del Mediterr\u00e1neo.<\/p>\n\n\n\n<p>Ilios no es solo un restaurante; es un viaje sensorial que traslada a los comensales a una Grecia reinterpretada, donde los sabores aut\u00e9nticos, las texturas y los aromas son protagonistas de una narrativa cuidadosamente curada. En el coraz\u00f3n del corredor tur\u00edstico de Cabo San Lucas, Ilios se integra con el paisaje de manera arm\u00f3nica, ofreciendo vistas impactantes y una atm\u00f3sfera que invita a la contemplaci\u00f3n y el asombro.<\/p>\n\n\n\n<h2 class=\"wp-block-heading\">Grupo Anderson\u2019s y su legado de excelencia<\/h2>\n\n\n\n<p>Respaldado por Grupo Anderson\u2019s, uno de los grupos restauranteros m\u00e1s importantes de M\u00e9xico, Ilios ha conquistado ya destinos como Canc\u00fan, Tulum, Playa del Carmen y Ciudad de M\u00e9xico. Su llegada a Los Cabos representa la evoluci\u00f3n natural de un concepto que entiende el lujo no solo como una cuesti\u00f3n de precio, sino como una experiencia que honra el detalle, la atenci\u00f3n y el placer de compartir.<\/p>\n\n\n\n<p>En Ilios, la hospitalidad griega se vive desde el primer instante. El saludo, la m\u00fasica envolvente, el dise\u00f1o de los espacios, la presentaci\u00f3n de cada platillo y el maridaje de vinos griegos y etiquetas premium internacionales conforman un ecosistema de perfecci\u00f3n.<\/p>\n\n\n\n<h3 class=\"wp-block-heading\">\u00bfQu\u00e9 hace a Ilios diferente?<\/h3>\n\n\n\n<ul class=\"wp-block-list\">\n<li><strong>Cocina griega elevada:<\/strong> platillos cl\u00e1sicos reinterpretados con t\u00e9cnicas modernas y productos frescos del mar y la regi\u00f3n.<\/li>\n\n\n\n<li><strong>Dise\u00f1o arquitect\u00f3nico con alma:<\/strong> detalles inspirados en la arquitectura ciclada, piedra natural, texturas org\u00e1nicas y elementos escult\u00f3ricos.<\/li>\n\n\n\n<li><strong>Rituales visuales:<\/strong> desde presentaciones con fuego hasta experiencias multisensoriales.<\/li>\n\n\n\n<li><strong>Servicio impecable:<\/strong> cada miembro del equipo est\u00e1 entrenado para crear momentos memorables.<\/li>\n<\/ul>\n\n\n\n<p>Prep\u00e1rate para vivir Grecia como nunca antes la hab\u00edas experimentado, con la brisa del Pac\u00edfico y el servicio de clase mundial que caracteriza a Grupo Anderson\u2019s. Muy pronto, en Los Cabos.<\/p>\n\n\n\n<p><\/p>\n","protected":false},"excerpt":{"rendered":"<p>lios Los Cabos: La Promesa de Grecia en el Coraz\u00f3n del Pac\u00edfico La costa del Pac\u00edfico mexicano se prepara para recibir uno de los conceptos m\u00e1s elegantes y esperados del a\u00f1o: Ilios Los Cabos. Esta joya gastron\u00f3mica, que abrir\u00e1 sus puertas durante el mes de mayo (fecha por confirmar), promete conquistar los sentidos con su [&hellip;]<\/p>\n","protected":false},"author":3,"featured_media":12537,"comment_status":"closed","ping_status":"open","sticky":false,"template":"","format":"standard","meta":{"_acf_changed":false,"footnotes":""},"categories":[1],"tags":[],"class_list":["post-12532","post","type-post","status-publish","format-standard","has-post-thumbnail","hentry","category-sin-categoria"],"acf":[],"yoast_head":"<!-- This site is optimized with the Yoast SEO plugin v25.6 - https:\/\/yoast.com\/wordpress\/plugins\/seo\/ -->\n<title>Ilios Los Cabos: La Promesa de Grecia en el Coraz\u00f3n del Pac\u00edfico - iliosrestaurante es<\/title>\n<meta name=\"robots\" content=\"index, follow, max-snippet:-1, max-image-preview:large, max-video-preview:-1\" \/>\n<link rel=\"canonical\" href=\"https:\/\/iliosrestaurante.com.mx\/es\/2025\/05\/21\/ilios-los-cabos-la-promesa-de-grecia-en-el-corazon-del-pacifico\/\" \/>\n<meta property=\"og:locale\" content=\"es_MX\" \/>\n<meta property=\"og:type\" content=\"article\" \/>\n<meta property=\"og:title\" content=\"Ilios Los Cabos: La Promesa de Grecia en el Coraz\u00f3n del Pac\u00edfico - iliosrestaurante es\" \/>\n<meta property=\"og:description\" content=\"lios Los Cabos: La Promesa de Grecia en el Coraz\u00f3n del Pac\u00edfico La costa del Pac\u00edfico mexicano se prepara para recibir uno de los conceptos m\u00e1s elegantes y esperados del a\u00f1o: Ilios Los Cabos. Esta joya gastron\u00f3mica, que abrir\u00e1 sus puertas durante el mes de mayo (fecha por confirmar), promete conquistar los sentidos con su [&hellip;]\" \/>\n<meta property=\"og:url\" content=\"https:\/\/iliosrestaurante.com.mx\/es\/2025\/05\/21\/ilios-los-cabos-la-promesa-de-grecia-en-el-corazon-del-pacifico\/\" \/>\n<meta property=\"og:site_name\" content=\"iliosrestaurante es\" \/>\n<meta property=\"article:published_time\" content=\"2025-05-21T16:51:29+00:00\" \/>\n<meta property=\"article:modified_time\" content=\"2025-05-21T16:51:30+00:00\" \/>\n<meta property=\"og:image\" content=\"https:\/\/iliosrestaurante.com.mx\/es\/wp-content\/uploads\/sites\/2\/2025\/05\/Ilios_Cabo_Blog1-1.jpg\" \/>\n\t<meta property=\"og:image:width\" content=\"1910\" \/>\n\t<meta property=\"og:image:height\" content=\"980\" \/>\n\t<meta property=\"og:image:type\" content=\"image\/jpeg\" \/>\n<meta name=\"author\" content=\"carlitos\" \/>\n<meta name=\"twitter:card\" content=\"summary_large_image\" \/>\n<meta name=\"twitter:label1\" content=\"Escrito por\" \/>\n\t<meta name=\"twitter:data1\" content=\"carlitos\" \/>\n\t<meta name=\"twitter:label2\" content=\"Tiempo de lectura\" \/>\n\t<meta name=\"twitter:data2\" content=\"2 minutos\" \/>\n<script type=\"application\/ld+json\" class=\"yoast-schema-graph\">{\"@context\":\"https:\/\/schema.org\",\"@graph\":[{\"@type\":\"WebPage\",\"@id\":\"https:\/\/iliosrestaurante.com.mx\/es\/2025\/05\/21\/ilios-los-cabos-la-promesa-de-grecia-en-el-corazon-del-pacifico\/\",\"url\":\"https:\/\/iliosrestaurante.com.mx\/es\/2025\/05\/21\/ilios-los-cabos-la-promesa-de-grecia-en-el-corazon-del-pacifico\/\",\"name\":\"Ilios Los Cabos: La Promesa de Grecia en el Coraz\u00f3n del Pac\u00edfico - iliosrestaurante es\",\"isPartOf\":{\"@id\":\"https:\/\/iliosrestaurante.com.mx\/es\/#website\"},\"primaryImageOfPage\":{\"@id\":\"https:\/\/iliosrestaurante.com.mx\/es\/2025\/05\/21\/ilios-los-cabos-la-promesa-de-grecia-en-el-corazon-del-pacifico\/#primaryimage\"},\"image\":{\"@id\":\"https:\/\/iliosrestaurante.com.mx\/es\/2025\/05\/21\/ilios-los-cabos-la-promesa-de-grecia-en-el-corazon-del-pacifico\/#primaryimage\"},\"thumbnailUrl\":\"https:\/\/iliosrestaurante.com.mx\/es\/wp-content\/uploads\/sites\/2\/2025\/05\/Ilios_Cabo_Blog1-1.jpg\",\"datePublished\":\"2025-05-21T16:51:29+00:00\",\"dateModified\":\"2025-05-21T16:51:30+00:00\",\"author\":{\"@id\":\"https:\/\/iliosrestaurante.com.mx\/es\/#\/schema\/person\/e367fa65efd216de110440c6ae723e98\"},\"breadcrumb\":{\"@id\":\"https:\/\/iliosrestaurante.com.mx\/es\/2025\/05\/21\/ilios-los-cabos-la-promesa-de-grecia-en-el-corazon-del-pacifico\/#breadcrumb\"},\"inLanguage\":\"es\",\"potentialAction\":[{\"@type\":\"ReadAction\",\"target\":[\"https:\/\/iliosrestaurante.com.mx\/es\/2025\/05\/21\/ilios-los-cabos-la-promesa-de-grecia-en-el-corazon-del-pacifico\/\"]}]},{\"@type\":\"ImageObject\",\"inLanguage\":\"es\",\"@id\":\"https:\/\/iliosrestaurante.com.mx\/es\/2025\/05\/21\/ilios-los-cabos-la-promesa-de-grecia-en-el-corazon-del-pacifico\/#primaryimage\",\"url\":\"https:\/\/iliosrestaurante.com.mx\/es\/wp-content\/uploads\/sites\/2\/2025\/05\/Ilios_Cabo_Blog1-1.jpg\",\"contentUrl\":\"https:\/\/iliosrestaurante.com.mx\/es\/wp-content\/uploads\/sites\/2\/2025\/05\/Ilios_Cabo_Blog1-1.jpg\",\"width\":1910,\"height\":980},{\"@type\":\"BreadcrumbList\",\"@id\":\"https:\/\/iliosrestaurante.com.mx\/es\/2025\/05\/21\/ilios-los-cabos-la-promesa-de-grecia-en-el-corazon-del-pacifico\/#breadcrumb\",\"itemListElement\":[{\"@type\":\"ListItem\",\"position\":1,\"name\":\"Inicio\",\"item\":\"https:\/\/iliosrestaurante.com.mx\/es\/\"},{\"@type\":\"ListItem\",\"position\":2,\"name\":\"Ilios Los Cabos: La Promesa de Grecia en el Coraz\u00f3n del Pac\u00edfico\"}]},{\"@type\":\"WebSite\",\"@id\":\"https:\/\/iliosrestaurante.com.mx\/es\/#website\",\"url\":\"https:\/\/iliosrestaurante.com.mx\/es\/\",\"name\":\"iliosrestaurante es\",\"description\":\"\",\"potentialAction\":[{\"@type\":\"SearchAction\",\"target\":{\"@type\":\"EntryPoint\",\"urlTemplate\":\"https:\/\/iliosrestaurante.com.mx\/es\/?s={search_term_string}\"},\"query-input\":{\"@type\":\"PropertyValueSpecification\",\"valueRequired\":true,\"valueName\":\"search_term_string\"}}],\"inLanguage\":\"es\"},{\"@type\":\"Person\",\"@id\":\"https:\/\/iliosrestaurante.com.mx\/es\/#\/schema\/person\/e367fa65efd216de110440c6ae723e98\",\"name\":\"carlitos\",\"image\":{\"@type\":\"ImageObject\",\"inLanguage\":\"es\",\"@id\":\"https:\/\/iliosrestaurante.com.mx\/es\/#\/schema\/person\/image\/\",\"url\":\"https:\/\/secure.gravatar.com\/avatar\/efa8c149338f44425f1b8ecddc3e9b3d3b1276e0394983b376d1e7bd35a6c0c0?s=96&d=mm&r=g\",\"contentUrl\":\"https:\/\/secure.gravatar.com\/avatar\/efa8c149338f44425f1b8ecddc3e9b3d3b1276e0394983b376d1e7bd35a6c0c0?s=96&d=mm&r=g\",\"caption\":\"carlitos\"},\"url\":\"https:\/\/iliosrestaurante.com.mx\/es\/author\/carlitos\/\"}]}<\/script>\n<!-- \/ Yoast SEO plugin. -->","yoast_head_json":{"title":"Ilios Los Cabos: La Promesa de Grecia en el Coraz\u00f3n del Pac\u00edfico - iliosrestaurante es","robots":{"index":"index","follow":"follow","max-snippet":"max-snippet:-1","max-image-preview":"max-image-preview:large","max-video-preview":"max-video-preview:-1"},"canonical":"https:\/\/iliosrestaurante.com.mx\/es\/2025\/05\/21\/ilios-los-cabos-la-promesa-de-grecia-en-el-corazon-del-pacifico\/","og_locale":"es_MX","og_type":"article","og_title":"Ilios Los Cabos: La Promesa de Grecia en el Coraz\u00f3n del Pac\u00edfico - iliosrestaurante es","og_description":"lios Los Cabos: La Promesa de Grecia en el Coraz\u00f3n del Pac\u00edfico La costa del Pac\u00edfico mexicano se prepara para recibir uno de los conceptos m\u00e1s elegantes y esperados del a\u00f1o: Ilios Los Cabos. Esta joya gastron\u00f3mica, que abrir\u00e1 sus puertas durante el mes de mayo (fecha por confirmar), promete conquistar los sentidos con su [&hellip;]","og_url":"https:\/\/iliosrestaurante.com.mx\/es\/2025\/05\/21\/ilios-los-cabos-la-promesa-de-grecia-en-el-corazon-del-pacifico\/","og_site_name":"iliosrestaurante es","article_published_time":"2025-05-21T16:51:29+00:00","article_modified_time":"2025-05-21T16:51:30+00:00","og_image":[{"width":1910,"height":980,"url":"https:\/\/iliosrestaurante.com.mx\/es\/wp-content\/uploads\/sites\/2\/2025\/05\/Ilios_Cabo_Blog1-1.jpg","type":"image\/jpeg"}],"author":"carlitos","twitter_card":"summary_large_image","twitter_misc":{"Escrito por":"carlitos","Tiempo de lectura":"2 minutos"},"schema":{"@context":"https:\/\/schema.org","@graph":[{"@type":"WebPage","@id":"https:\/\/iliosrestaurante.com.mx\/es\/2025\/05\/21\/ilios-los-cabos-la-promesa-de-grecia-en-el-corazon-del-pacifico\/","url":"https:\/\/iliosrestaurante.com.mx\/es\/2025\/05\/21\/ilios-los-cabos-la-promesa-de-grecia-en-el-corazon-del-pacifico\/","name":"Ilios Los Cabos: La Promesa de Grecia en el Coraz\u00f3n del Pac\u00edfico - iliosrestaurante es","isPartOf":{"@id":"https:\/\/iliosrestaurante.com.mx\/es\/#website"},"primaryImageOfPage":{"@id":"https:\/\/iliosrestaurante.com.mx\/es\/2025\/05\/21\/ilios-los-cabos-la-promesa-de-grecia-en-el-corazon-del-pacifico\/#primaryimage"},"image":{"@id":"https:\/\/iliosrestaurante.com.mx\/es\/2025\/05\/21\/ilios-los-cabos-la-promesa-de-grecia-en-el-corazon-del-pacifico\/#primaryimage"},"thumbnailUrl":"https:\/\/iliosrestaurante.com.mx\/es\/wp-content\/uploads\/sites\/2\/2025\/05\/Ilios_Cabo_Blog1-1.jpg","datePublished":"2025-05-21T16:51:29+00:00","dateModified":"2025-05-21T16:51:30+00:00","author":{"@id":"https:\/\/iliosrestaurante.com.mx\/es\/#\/schema\/person\/e367fa65efd216de110440c6ae723e98"},"breadcrumb":{"@id":"https:\/\/iliosrestaurante.com.mx\/es\/2025\/05\/21\/ilios-los-cabos-la-promesa-de-grecia-en-el-corazon-del-pacifico\/#breadcrumb"},"inLanguage":"es","potentialAction":[{"@type":"ReadAction","target":["https:\/\/iliosrestaurante.com.mx\/es\/2025\/05\/21\/ilios-los-cabos-la-promesa-de-grecia-en-el-corazon-del-pacifico\/"]}]},{"@type":"ImageObject","inLanguage":"es","@id":"https:\/\/iliosrestaurante.com.mx\/es\/2025\/05\/21\/ilios-los-cabos-la-promesa-de-grecia-en-el-corazon-del-pacifico\/#primaryimage","url":"https:\/\/iliosrestaurante.com.mx\/es\/wp-content\/uploads\/sites\/2\/2025\/05\/Ilios_Cabo_Blog1-1.jpg","contentUrl":"https:\/\/iliosrestaurante.com.mx\/es\/wp-content\/uploads\/sites\/2\/2025\/05\/Ilios_Cabo_Blog1-1.jpg","width":1910,"height":980},{"@type":"BreadcrumbList","@id":"https:\/\/iliosrestaurante.com.mx\/es\/2025\/05\/21\/ilios-los-cabos-la-promesa-de-grecia-en-el-corazon-del-pacifico\/#breadcrumb","itemListElement":[{"@type":"ListItem","position":1,"name":"Inicio","item":"https:\/\/iliosrestaurante.com.mx\/es\/"},{"@type":"ListItem","position":2,"name":"Ilios Los Cabos: La Promesa de Grecia en el Coraz\u00f3n del Pac\u00edfico"}]},{"@type":"WebSite","@id":"https:\/\/iliosrestaurante.com.mx\/es\/#website","url":"https:\/\/iliosrestaurante.com.mx\/es\/","name":"iliosrestaurante es","description":"","potentialAction":[{"@type":"SearchAction","target":{"@type":"EntryPoint","urlTemplate":"https:\/\/iliosrestaurante.com.mx\/es\/?s={search_term_string}"},"query-input":{"@type":"PropertyValueSpecification","valueRequired":true,"valueName":"search_term_string"}}],"inLanguage":"es"},{"@type":"Person","@id":"https:\/\/iliosrestaurante.com.mx\/es\/#\/schema\/person\/e367fa65efd216de110440c6ae723e98","name":"carlitos","image":{"@type":"ImageObject","inLanguage":"es","@id":"https:\/\/iliosrestaurante.com.mx\/es\/#\/schema\/person\/image\/","url":"https:\/\/secure.gravatar.com\/avatar\/efa8c149338f44425f1b8ecddc3e9b3d3b1276e0394983b376d1e7bd35a6c0c0?s=96&d=mm&r=g","contentUrl":"https:\/\/secure.gravatar.com\/avatar\/efa8c149338f44425f1b8ecddc3e9b3d3b1276e0394983b376d1e7bd35a6c0c0?s=96&d=mm&r=g","caption":"carlitos"},"url":"https:\/\/iliosrestaurante.com.mx\/es\/author\/carlitos\/"}]}},"_links":{"self":[{"href":"https:\/\/iliosrestaurante.com.mx\/es\/wp-json\/wp\/v2\/posts\/12532","targetHints":{"allow":["GET"]}}],"collection":[{"href":"https:\/\/iliosrestaurante.com.mx\/es\/wp-json\/wp\/v2\/posts"}],"about":[{"href":"https:\/\/iliosrestaurante.com.mx\/es\/wp-json\/wp\/v2\/types\/post"}],"author":[{"embeddable":true,"href":"https:\/\/iliosrestaurante.com.mx\/es\/wp-json\/wp\/v2\/users\/3"}],"replies":[{"embeddable":true,"href":"https:\/\/iliosrestaurante.com.mx\/es\/wp-json\/wp\/v2\/comments?post=12532"}],"version-history":[{"count":1,"href":"https:\/\/iliosrestaurante.com.mx\/es\/wp-json\/wp\/v2\/posts\/12532\/revisions"}],"predecessor-version":[{"id":12538,"href":"https:\/\/iliosrestaurante.com.mx\/es\/wp-json\/wp\/v2\/posts\/12532\/revisions\/12538"}],"wp:featuredmedia":[{"embeddable":true,"href":"https:\/\/iliosrestaurante.com.mx\/es\/wp-json\/wp\/v2\/media\/12537"}],"wp:attachment":[{"href":"https:\/\/iliosrestaurante.com.mx\/es\/wp-json\/wp\/v2\/media?parent=12532"}],"wp:term":[{"taxonomy":"category","embeddable":true,"href":"https:\/\/iliosrestaurante.com.mx\/es\/wp-json\/wp\/v2\/categories?post=12532"},{"taxonomy":"post_tag","embeddable":true,"href":"https:\/\/iliosrestaurante.com.mx\/es\/wp-json\/wp\/v2\/tags?post=12532"}],"curies":[{"name":"wp","href":"https:\/\/api.w.org\/{rel}","templated":true}]}}