{"id":12541,"date":"2025-05-21T16:54:28","date_gmt":"2025-05-21T16:54:28","guid":{"rendered":"https:\/\/iliosrestaurante.com.mx\/es\/?p=12541"},"modified":"2025-05-21T16:54:28","modified_gmt":"2025-05-21T16:54:28","slug":"por-que-todos-hablan-de-la-apertura-de-ilios-en-los-cabos","status":"publish","type":"post","link":"https:\/\/iliosrestaurante.com.mx\/es\/2025\/05\/21\/por-que-todos-hablan-de-la-apertura-de-ilios-en-los-cabos\/","title":{"rendered":"Por Qu\u00e9 Todos Hablan de la Apertura de Ilios en Los Cabos"},"content":{"rendered":"\n<p>La conversaci\u00f3n entre locales, viajeros y amantes del fine dining en Los Cabos tiene un nuevo protagonista: <em>Ilios<\/em>. Su apertura este mes de mayo ha generado una expectativa pocas veces vista, y no es para menos. Este restaurante, parte del portafolio de Grupo Anderson\u2019s, ha revolucionado cada ciudad en la que aterriza, y ahora promete hacer lo mismo en uno de los destinos m\u00e1s sofisticados de M\u00e9xico.<\/p>\n\n\n\n<p>\u00bfQu\u00e9 tiene Ilios que lo hace tan esperado? Para empezar, un concepto que no se limita a la comida. Ilios es una experiencia total: ambiente, arquitectura, hospitalidad, arte, sabor y espect\u00e1culo se entrelazan para crear un momento inolvidable desde que cruzas la puerta. Todo est\u00e1 pensado para evocar una versi\u00f3n moderna de la antigua Grecia, con el refinamiento y la elegancia que define al viajero contempor\u00e1neo.<\/p>\n\n\n\n<p>La ubicaci\u00f3n, por supuesto, contribuye al encanto. Situado en <em>Carr. Transpeninsular Supermanzana SJC Lote CSL-KM 5<\/em>, dentro del corredor tur\u00edstico de Cabo San Lucas, el restaurante contar\u00e1 con vistas privilegiadas, espacios abiertos, \u00e1reas privadas y un dise\u00f1o que se funde con la esencia del paisaje des\u00e9rtico y costero.<\/p>\n\n\n\n<p>Pero lo que realmente ha generado conversaci\u00f3n es su reputaci\u00f3n. Quienes han visitado Ilios en Canc\u00fan, Playa del Carmen o Ciudad de M\u00e9xico saben lo que se avecina: una carta mediterr\u00e1nea sorprendente, cocteler\u00eda con alma, presentaciones que parecen obras de arte y un servicio que supera cualquier expectativa.<\/p>\n\n\n\n<p>Adem\u00e1s, Ilios es sin\u00f3nimo de celebraci\u00f3n. Su m\u00fasica en vivo, sus rituales con fuego y sus noches tem\u00e1ticas han marcado tendencia en la escena gastron\u00f3mica mexicana, convirtiendo cenas en recuerdos imborrables. En Los Cabos, donde el nivel de exigencia es alto, Ilios llega como una propuesta fresca, audaz y profundamente est\u00e9tica.<\/p>\n\n\n\n<p>Por todo esto, no es raro que su apertura sea uno de los eventos m\u00e1s comentados del a\u00f1o. Porque Ilios no solo abre un nuevo restaurante: abre una puerta a otro mundo.<\/p>\n\n\n\n<p><\/p>\n","protected":false},"excerpt":{"rendered":"<p>La conversaci\u00f3n entre locales, viajeros y amantes del fine dining en Los Cabos tiene un nuevo protagonista: Ilios. Su apertura este mes de mayo ha generado una expectativa pocas veces vista, y no es para menos. Este restaurante, parte del portafolio de Grupo Anderson\u2019s, ha revolucionado cada ciudad en la que aterriza, y ahora promete [&hellip;]<\/p>\n","protected":false},"author":3,"featured_media":12536,"comment_status":"closed","ping_status":"open","sticky":false,"template":"","format":"standard","meta":{"_acf_changed":false,"footnotes":""},"categories":[1],"tags":[],"class_list":["post-12541","post","type-post","status-publish","format-standard","has-post-thumbnail","hentry","category-sin-categoria"],"acf":[],"yoast_head":"<!-- This site is optimized with the Yoast SEO plugin v25.6 - https:\/\/yoast.com\/wordpress\/plugins\/seo\/ -->\n<title>Por Qu\u00e9 Todos Hablan de la Apertura de Ilios en Los Cabos - iliosrestaurante es<\/title>\n<meta name=\"robots\" content=\"index, follow, max-snippet:-1, max-image-preview:large, max-video-preview:-1\" \/>\n<link rel=\"canonical\" href=\"https:\/\/iliosrestaurante.com.mx\/es\/2025\/05\/21\/por-que-todos-hablan-de-la-apertura-de-ilios-en-los-cabos\/\" \/>\n<meta property=\"og:locale\" content=\"es_MX\" \/>\n<meta property=\"og:type\" content=\"article\" \/>\n<meta property=\"og:title\" content=\"Por Qu\u00e9 Todos Hablan de la Apertura de Ilios en Los Cabos - iliosrestaurante es\" \/>\n<meta property=\"og:description\" content=\"La conversaci\u00f3n entre locales, viajeros y amantes del fine dining en Los Cabos tiene un nuevo protagonista: Ilios. Su apertura este mes de mayo ha generado una expectativa pocas veces vista, y no es para menos. Este restaurante, parte del portafolio de Grupo Anderson\u2019s, ha revolucionado cada ciudad en la que aterriza, y ahora promete [&hellip;]\" \/>\n<meta property=\"og:url\" content=\"https:\/\/iliosrestaurante.com.mx\/es\/2025\/05\/21\/por-que-todos-hablan-de-la-apertura-de-ilios-en-los-cabos\/\" \/>\n<meta property=\"og:site_name\" content=\"iliosrestaurante es\" \/>\n<meta property=\"article:published_time\" content=\"2025-05-21T16:54:28+00:00\" \/>\n<meta property=\"og:image\" content=\"https:\/\/iliosrestaurante.com.mx\/es\/wp-content\/uploads\/sites\/2\/2025\/05\/Ilios_Cabo_Blog2-1.jpg\" \/>\n\t<meta property=\"og:image:width\" content=\"1910\" \/>\n\t<meta property=\"og:image:height\" content=\"980\" \/>\n\t<meta property=\"og:image:type\" content=\"image\/jpeg\" \/>\n<meta name=\"author\" content=\"carlitos\" \/>\n<meta name=\"twitter:card\" content=\"summary_large_image\" \/>\n<meta name=\"twitter:label1\" content=\"Escrito por\" \/>\n\t<meta name=\"twitter:data1\" content=\"carlitos\" \/>\n\t<meta name=\"twitter:label2\" content=\"Tiempo de lectura\" \/>\n\t<meta name=\"twitter:data2\" content=\"2 minutos\" \/>\n<script type=\"application\/ld+json\" class=\"yoast-schema-graph\">{\"@context\":\"https:\/\/schema.org\",\"@graph\":[{\"@type\":\"WebPage\",\"@id\":\"https:\/\/iliosrestaurante.com.mx\/es\/2025\/05\/21\/por-que-todos-hablan-de-la-apertura-de-ilios-en-los-cabos\/\",\"url\":\"https:\/\/iliosrestaurante.com.mx\/es\/2025\/05\/21\/por-que-todos-hablan-de-la-apertura-de-ilios-en-los-cabos\/\",\"name\":\"Por Qu\u00e9 Todos Hablan de la Apertura de Ilios en Los Cabos - iliosrestaurante es\",\"isPartOf\":{\"@id\":\"https:\/\/iliosrestaurante.com.mx\/es\/#website\"},\"primaryImageOfPage\":{\"@id\":\"https:\/\/iliosrestaurante.com.mx\/es\/2025\/05\/21\/por-que-todos-hablan-de-la-apertura-de-ilios-en-los-cabos\/#primaryimage\"},\"image\":{\"@id\":\"https:\/\/iliosrestaurante.com.mx\/es\/2025\/05\/21\/por-que-todos-hablan-de-la-apertura-de-ilios-en-los-cabos\/#primaryimage\"},\"thumbnailUrl\":\"https:\/\/iliosrestaurante.com.mx\/es\/wp-content\/uploads\/sites\/2\/2025\/05\/Ilios_Cabo_Blog2-1.jpg\",\"datePublished\":\"2025-05-21T16:54:28+00:00\",\"author\":{\"@id\":\"https:\/\/iliosrestaurante.com.mx\/es\/#\/schema\/person\/e367fa65efd216de110440c6ae723e98\"},\"breadcrumb\":{\"@id\":\"https:\/\/iliosrestaurante.com.mx\/es\/2025\/05\/21\/por-que-todos-hablan-de-la-apertura-de-ilios-en-los-cabos\/#breadcrumb\"},\"inLanguage\":\"es\",\"potentialAction\":[{\"@type\":\"ReadAction\",\"target\":[\"https:\/\/iliosrestaurante.com.mx\/es\/2025\/05\/21\/por-que-todos-hablan-de-la-apertura-de-ilios-en-los-cabos\/\"]}]},{\"@type\":\"ImageObject\",\"inLanguage\":\"es\",\"@id\":\"https:\/\/iliosrestaurante.com.mx\/es\/2025\/05\/21\/por-que-todos-hablan-de-la-apertura-de-ilios-en-los-cabos\/#primaryimage\",\"url\":\"https:\/\/iliosrestaurante.com.mx\/es\/wp-content\/uploads\/sites\/2\/2025\/05\/Ilios_Cabo_Blog2-1.jpg\",\"contentUrl\":\"https:\/\/iliosrestaurante.com.mx\/es\/wp-content\/uploads\/sites\/2\/2025\/05\/Ilios_Cabo_Blog2-1.jpg\",\"width\":1910,\"height\":980},{\"@type\":\"BreadcrumbList\",\"@id\":\"https:\/\/iliosrestaurante.com.mx\/es\/2025\/05\/21\/por-que-todos-hablan-de-la-apertura-de-ilios-en-los-cabos\/#breadcrumb\",\"itemListElement\":[{\"@type\":\"ListItem\",\"position\":1,\"name\":\"Inicio\",\"item\":\"https:\/\/iliosrestaurante.com.mx\/es\/\"},{\"@type\":\"ListItem\",\"position\":2,\"name\":\"Por Qu\u00e9 Todos Hablan de la Apertura de Ilios en Los Cabos\"}]},{\"@type\":\"WebSite\",\"@id\":\"https:\/\/iliosrestaurante.com.mx\/es\/#website\",\"url\":\"https:\/\/iliosrestaurante.com.mx\/es\/\",\"name\":\"iliosrestaurante es\",\"description\":\"\",\"potentialAction\":[{\"@type\":\"SearchAction\",\"target\":{\"@type\":\"EntryPoint\",\"urlTemplate\":\"https:\/\/iliosrestaurante.com.mx\/es\/?s={search_term_string}\"},\"query-input\":{\"@type\":\"PropertyValueSpecification\",\"valueRequired\":true,\"valueName\":\"search_term_string\"}}],\"inLanguage\":\"es\"},{\"@type\":\"Person\",\"@id\":\"https:\/\/iliosrestaurante.com.mx\/es\/#\/schema\/person\/e367fa65efd216de110440c6ae723e98\",\"name\":\"carlitos\",\"image\":{\"@type\":\"ImageObject\",\"inLanguage\":\"es\",\"@id\":\"https:\/\/iliosrestaurante.com.mx\/es\/#\/schema\/person\/image\/\",\"url\":\"https:\/\/secure.gravatar.com\/avatar\/efa8c149338f44425f1b8ecddc3e9b3d3b1276e0394983b376d1e7bd35a6c0c0?s=96&d=mm&r=g\",\"contentUrl\":\"https:\/\/secure.gravatar.com\/avatar\/efa8c149338f44425f1b8ecddc3e9b3d3b1276e0394983b376d1e7bd35a6c0c0?s=96&d=mm&r=g\",\"caption\":\"carlitos\"},\"url\":\"https:\/\/iliosrestaurante.com.mx\/es\/author\/carlitos\/\"}]}<\/script>\n<!-- \/ Yoast SEO plugin. -->","yoast_head_json":{"title":"Por Qu\u00e9 Todos Hablan de la Apertura de Ilios en Los Cabos - iliosrestaurante es","robots":{"index":"index","follow":"follow","max-snippet":"max-snippet:-1","max-image-preview":"max-image-preview:large","max-video-preview":"max-video-preview:-1"},"canonical":"https:\/\/iliosrestaurante.com.mx\/es\/2025\/05\/21\/por-que-todos-hablan-de-la-apertura-de-ilios-en-los-cabos\/","og_locale":"es_MX","og_type":"article","og_title":"Por Qu\u00e9 Todos Hablan de la Apertura de Ilios en Los Cabos - iliosrestaurante es","og_description":"La conversaci\u00f3n entre locales, viajeros y amantes del fine dining en Los Cabos tiene un nuevo protagonista: Ilios. Su apertura este mes de mayo ha generado una expectativa pocas veces vista, y no es para menos. Este restaurante, parte del portafolio de Grupo Anderson\u2019s, ha revolucionado cada ciudad en la que aterriza, y ahora promete [&hellip;]","og_url":"https:\/\/iliosrestaurante.com.mx\/es\/2025\/05\/21\/por-que-todos-hablan-de-la-apertura-de-ilios-en-los-cabos\/","og_site_name":"iliosrestaurante es","article_published_time":"2025-05-21T16:54:28+00:00","og_image":[{"width":1910,"height":980,"url":"https:\/\/iliosrestaurante.com.mx\/es\/wp-content\/uploads\/sites\/2\/2025\/05\/Ilios_Cabo_Blog2-1.jpg","type":"image\/jpeg"}],"author":"carlitos","twitter_card":"summary_large_image","twitter_misc":{"Escrito por":"carlitos","Tiempo de lectura":"2 minutos"},"schema":{"@context":"https:\/\/schema.org","@graph":[{"@type":"WebPage","@id":"https:\/\/iliosrestaurante.com.mx\/es\/2025\/05\/21\/por-que-todos-hablan-de-la-apertura-de-ilios-en-los-cabos\/","url":"https:\/\/iliosrestaurante.com.mx\/es\/2025\/05\/21\/por-que-todos-hablan-de-la-apertura-de-ilios-en-los-cabos\/","name":"Por Qu\u00e9 Todos Hablan de la Apertura de Ilios en Los Cabos - iliosrestaurante es","isPartOf":{"@id":"https:\/\/iliosrestaurante.com.mx\/es\/#website"},"primaryImageOfPage":{"@id":"https:\/\/iliosrestaurante.com.mx\/es\/2025\/05\/21\/por-que-todos-hablan-de-la-apertura-de-ilios-en-los-cabos\/#primaryimage"},"image":{"@id":"https:\/\/iliosrestaurante.com.mx\/es\/2025\/05\/21\/por-que-todos-hablan-de-la-apertura-de-ilios-en-los-cabos\/#primaryimage"},"thumbnailUrl":"https:\/\/iliosrestaurante.com.mx\/es\/wp-content\/uploads\/sites\/2\/2025\/05\/Ilios_Cabo_Blog2-1.jpg","datePublished":"2025-05-21T16:54:28+00:00","author":{"@id":"https:\/\/iliosrestaurante.com.mx\/es\/#\/schema\/person\/e367fa65efd216de110440c6ae723e98"},"breadcrumb":{"@id":"https:\/\/iliosrestaurante.com.mx\/es\/2025\/05\/21\/por-que-todos-hablan-de-la-apertura-de-ilios-en-los-cabos\/#breadcrumb"},"inLanguage":"es","potentialAction":[{"@type":"ReadAction","target":["https:\/\/iliosrestaurante.com.mx\/es\/2025\/05\/21\/por-que-todos-hablan-de-la-apertura-de-ilios-en-los-cabos\/"]}]},{"@type":"ImageObject","inLanguage":"es","@id":"https:\/\/iliosrestaurante.com.mx\/es\/2025\/05\/21\/por-que-todos-hablan-de-la-apertura-de-ilios-en-los-cabos\/#primaryimage","url":"https:\/\/iliosrestaurante.com.mx\/es\/wp-content\/uploads\/sites\/2\/2025\/05\/Ilios_Cabo_Blog2-1.jpg","contentUrl":"https:\/\/iliosrestaurante.com.mx\/es\/wp-content\/uploads\/sites\/2\/2025\/05\/Ilios_Cabo_Blog2-1.jpg","width":1910,"height":980},{"@type":"BreadcrumbList","@id":"https:\/\/iliosrestaurante.com.mx\/es\/2025\/05\/21\/por-que-todos-hablan-de-la-apertura-de-ilios-en-los-cabos\/#breadcrumb","itemListElement":[{"@type":"ListItem","position":1,"name":"Inicio","item":"https:\/\/iliosrestaurante.com.mx\/es\/"},{"@type":"ListItem","position":2,"name":"Por Qu\u00e9 Todos Hablan de la Apertura de Ilios en Los Cabos"}]},{"@type":"WebSite","@id":"https:\/\/iliosrestaurante.com.mx\/es\/#website","url":"https:\/\/iliosrestaurante.com.mx\/es\/","name":"iliosrestaurante es","description":"","potentialAction":[{"@type":"SearchAction","target":{"@type":"EntryPoint","urlTemplate":"https:\/\/iliosrestaurante.com.mx\/es\/?s={search_term_string}"},"query-input":{"@type":"PropertyValueSpecification","valueRequired":true,"valueName":"search_term_string"}}],"inLanguage":"es"},{"@type":"Person","@id":"https:\/\/iliosrestaurante.com.mx\/es\/#\/schema\/person\/e367fa65efd216de110440c6ae723e98","name":"carlitos","image":{"@type":"ImageObject","inLanguage":"es","@id":"https:\/\/iliosrestaurante.com.mx\/es\/#\/schema\/person\/image\/","url":"https:\/\/secure.gravatar.com\/avatar\/efa8c149338f44425f1b8ecddc3e9b3d3b1276e0394983b376d1e7bd35a6c0c0?s=96&d=mm&r=g","contentUrl":"https:\/\/secure.gravatar.com\/avatar\/efa8c149338f44425f1b8ecddc3e9b3d3b1276e0394983b376d1e7bd35a6c0c0?s=96&d=mm&r=g","caption":"carlitos"},"url":"https:\/\/iliosrestaurante.com.mx\/es\/author\/carlitos\/"}]}},"_links":{"self":[{"href":"https:\/\/iliosrestaurante.com.mx\/es\/wp-json\/wp\/v2\/posts\/12541","targetHints":{"allow":["GET"]}}],"collection":[{"href":"https:\/\/iliosrestaurante.com.mx\/es\/wp-json\/wp\/v2\/posts"}],"about":[{"href":"https:\/\/iliosrestaurante.com.mx\/es\/wp-json\/wp\/v2\/types\/post"}],"author":[{"embeddable":true,"href":"https:\/\/iliosrestaurante.com.mx\/es\/wp-json\/wp\/v2\/users\/3"}],"replies":[{"embeddable":true,"href":"https:\/\/iliosrestaurante.com.mx\/es\/wp-json\/wp\/v2\/comments?post=12541"}],"version-history":[{"count":1,"href":"https:\/\/iliosrestaurante.com.mx\/es\/wp-json\/wp\/v2\/posts\/12541\/revisions"}],"predecessor-version":[{"id":12542,"href":"https:\/\/iliosrestaurante.com.mx\/es\/wp-json\/wp\/v2\/posts\/12541\/revisions\/12542"}],"wp:featuredmedia":[{"embeddable":true,"href":"https:\/\/iliosrestaurante.com.mx\/es\/wp-json\/wp\/v2\/media\/12536"}],"wp:attachment":[{"href":"https:\/\/iliosrestaurante.com.mx\/es\/wp-json\/wp\/v2\/media?parent=12541"}],"wp:term":[{"taxonomy":"category","embeddable":true,"href":"https:\/\/iliosrestaurante.com.mx\/es\/wp-json\/wp\/v2\/categories?post=12541"},{"taxonomy":"post_tag","embeddable":true,"href":"https:\/\/iliosrestaurante.com.mx\/es\/wp-json\/wp\/v2\/tags?post=12541"}],"curies":[{"name":"wp","href":"https:\/\/api.w.org\/{rel}","templated":true}]}}