{"id":12545,"date":"2025-05-21T16:55:03","date_gmt":"2025-05-21T16:55:03","guid":{"rendered":"https:\/\/iliosrestaurante.com.mx\/es\/?p=12545"},"modified":"2025-05-21T17:29:01","modified_gmt":"2025-05-21T17:29:01","slug":"diseno-cultura-y-alta-gastronomia-asi-sera-ilios-los-cabos","status":"publish","type":"post","link":"https:\/\/iliosrestaurante.com.mx\/es\/2025\/05\/21\/diseno-cultura-y-alta-gastronomia-asi-sera-ilios-los-cabos\/","title":{"rendered":"Dise\u00f1o, Cultura y Alta Gastronom\u00eda: As\u00ed Ser\u00e1 Ilios Los Cabos"},"content":{"rendered":"\n<p>En Los Cabos, donde el dise\u00f1o arquitect\u00f3nico se funde con la naturaleza y la experiencia gastron\u00f3mica exige est\u00e1ndares internacionales, Ilios llega para elevar a\u00fan m\u00e1s el nivel. Con su apertura prevista para mayo, este espacio se prepara para ofrecer una de las atm\u00f3sferas m\u00e1s impactantes de todo el corredor tur\u00edstico.<\/p>\n\n\n\n<p>Lo primero que cautiva en Ilios es el espacio. Inspirado en la arquitectura de las islas C\u00edcladas, su dise\u00f1o fluye con formas org\u00e1nicas, curvas suaves, piedra natural y materiales que respetan la est\u00e9tica del entorno. No se trata de un restaurante decorado al estilo griego, sino de una verdadera inmersi\u00f3n en el arte y la filosof\u00eda de vida mediterr\u00e1nea. Cada rinc\u00f3n est\u00e1 pensado para evocar armon\u00eda, ligereza y sofisticaci\u00f3n.<\/p>\n\n\n\n<p>Ubicado en <em>Carr. Transpeninsular Supermanzana SJC Lote CSL-KM 5, Tourist Corridor<\/em>, Ilios se abre a la luz del Pac\u00edfico con terrazas espectaculares, espacios interiores frescos, y zonas que ofrecen tanto intimidad como celebraci\u00f3n. El ambiente cambia a lo largo del d\u00eda: por la tarde, es ideal para una comida serena con vista al mar; por la noche, se convierte en un santuario elegante con m\u00fasica envolvente y espect\u00e1culos que despiertan los sentidos.<\/p>\n\n\n\n<p>El interiorismo apuesta por tonos neutros, acentos dorados, texturas tejidas y detalles que conectan con la espiritualidad de la cultura griega. No es raro encontrar esculturas, vasijas, o elementos que remiten al legado art\u00edstico de la antig\u00fcedad, reinterpretados con una visi\u00f3n moderna y minimalista.<\/p>\n\n\n\n<p>Pero el dise\u00f1o no vive aislado: se integra con la propuesta gastron\u00f3mica para crear una experiencia coherente. Los platillos no solo se saborean, se contemplan. La manera en que se presentan los alimentos responde a la misma l\u00f3gica est\u00e9tica que rige la arquitectura: equilibrio, belleza y significado.<\/p>\n\n\n\n<p>En Ilios, la cultura no se impone; se respira. Se siente en el servicio, en la m\u00fasica cuidadosamente seleccionada, en los rituales que acompa\u00f1an algunos platos, y en la hospitalidad que hace que cada visitante se sienta como en casa, aunque est\u00e9 viajando por el mundo.<\/p>\n\n\n\n<p>Este nuevo restaurante no busca parecerse a nada. Busca ser un lugar donde la cultura, el dise\u00f1o y la alta cocina se encuentren para crear momentos inolvidables. En Los Cabos, Ilios ser\u00e1 eso: un espacio donde cada cena se convierte en una celebraci\u00f3n de lo bello y lo aut\u00e9ntico.<\/p>\n\n\n\n<p><\/p>\n","protected":false},"excerpt":{"rendered":"<p>En Los Cabos, donde el dise\u00f1o arquitect\u00f3nico se funde con la naturaleza y la experiencia gastron\u00f3mica exige est\u00e1ndares internacionales, Ilios llega para elevar a\u00fan m\u00e1s el nivel. Con su apertura prevista para mayo, este espacio se prepara para ofrecer una de las atm\u00f3sferas m\u00e1s impactantes de todo el corredor tur\u00edstico. Lo primero que cautiva en [&hellip;]<\/p>\n","protected":false},"author":3,"featured_media":12535,"comment_status":"closed","ping_status":"open","sticky":false,"template":"","format":"standard","meta":{"_acf_changed":false,"footnotes":""},"categories":[1],"tags":[],"class_list":["post-12545","post","type-post","status-publish","format-standard","has-post-thumbnail","hentry","category-sin-categoria"],"acf":[],"yoast_head":"<!-- This site is optimized with the Yoast SEO plugin v25.6 - https:\/\/yoast.com\/wordpress\/plugins\/seo\/ -->\n<title>Dise\u00f1o, Cultura y Alta Gastronom\u00eda: As\u00ed Ser\u00e1 Ilios Los Cabos - iliosrestaurante es<\/title>\n<meta name=\"robots\" content=\"index, follow, max-snippet:-1, max-image-preview:large, max-video-preview:-1\" \/>\n<link rel=\"canonical\" href=\"https:\/\/iliosrestaurante.com.mx\/es\/2025\/05\/21\/diseno-cultura-y-alta-gastronomia-asi-sera-ilios-los-cabos\/\" \/>\n<meta property=\"og:locale\" content=\"es_MX\" \/>\n<meta property=\"og:type\" content=\"article\" \/>\n<meta property=\"og:title\" content=\"Dise\u00f1o, Cultura y Alta Gastronom\u00eda: As\u00ed Ser\u00e1 Ilios Los Cabos - iliosrestaurante es\" \/>\n<meta property=\"og:description\" content=\"En Los Cabos, donde el dise\u00f1o arquitect\u00f3nico se funde con la naturaleza y la experiencia gastron\u00f3mica exige est\u00e1ndares internacionales, Ilios llega para elevar a\u00fan m\u00e1s el nivel. Con su apertura prevista para mayo, este espacio se prepara para ofrecer una de las atm\u00f3sferas m\u00e1s impactantes de todo el corredor tur\u00edstico. Lo primero que cautiva en [&hellip;]\" \/>\n<meta property=\"og:url\" content=\"https:\/\/iliosrestaurante.com.mx\/es\/2025\/05\/21\/diseno-cultura-y-alta-gastronomia-asi-sera-ilios-los-cabos\/\" \/>\n<meta property=\"og:site_name\" content=\"iliosrestaurante es\" \/>\n<meta property=\"article:published_time\" content=\"2025-05-21T16:55:03+00:00\" \/>\n<meta property=\"article:modified_time\" content=\"2025-05-21T17:29:01+00:00\" \/>\n<meta property=\"og:image\" content=\"https:\/\/iliosrestaurante.com.mx\/es\/wp-content\/uploads\/sites\/2\/2025\/05\/Ilios_Cabo_Blog3.jpg\" \/>\n\t<meta property=\"og:image:width\" content=\"1910\" \/>\n\t<meta property=\"og:image:height\" content=\"980\" \/>\n\t<meta property=\"og:image:type\" content=\"image\/jpeg\" \/>\n<meta name=\"author\" content=\"carlitos\" \/>\n<meta name=\"twitter:card\" content=\"summary_large_image\" \/>\n<meta name=\"twitter:label1\" content=\"Escrito por\" \/>\n\t<meta name=\"twitter:data1\" content=\"carlitos\" \/>\n\t<meta name=\"twitter:label2\" content=\"Tiempo de lectura\" \/>\n\t<meta name=\"twitter:data2\" content=\"2 minutos\" \/>\n<script type=\"application\/ld+json\" class=\"yoast-schema-graph\">{\"@context\":\"https:\/\/schema.org\",\"@graph\":[{\"@type\":\"WebPage\",\"@id\":\"https:\/\/iliosrestaurante.com.mx\/es\/2025\/05\/21\/diseno-cultura-y-alta-gastronomia-asi-sera-ilios-los-cabos\/\",\"url\":\"https:\/\/iliosrestaurante.com.mx\/es\/2025\/05\/21\/diseno-cultura-y-alta-gastronomia-asi-sera-ilios-los-cabos\/\",\"name\":\"Dise\u00f1o, Cultura y Alta Gastronom\u00eda: As\u00ed Ser\u00e1 Ilios Los Cabos - iliosrestaurante es\",\"isPartOf\":{\"@id\":\"https:\/\/iliosrestaurante.com.mx\/es\/#website\"},\"primaryImageOfPage\":{\"@id\":\"https:\/\/iliosrestaurante.com.mx\/es\/2025\/05\/21\/diseno-cultura-y-alta-gastronomia-asi-sera-ilios-los-cabos\/#primaryimage\"},\"image\":{\"@id\":\"https:\/\/iliosrestaurante.com.mx\/es\/2025\/05\/21\/diseno-cultura-y-alta-gastronomia-asi-sera-ilios-los-cabos\/#primaryimage\"},\"thumbnailUrl\":\"https:\/\/iliosrestaurante.com.mx\/es\/wp-content\/uploads\/sites\/2\/2025\/05\/Ilios_Cabo_Blog3.jpg\",\"datePublished\":\"2025-05-21T16:55:03+00:00\",\"dateModified\":\"2025-05-21T17:29:01+00:00\",\"author\":{\"@id\":\"https:\/\/iliosrestaurante.com.mx\/es\/#\/schema\/person\/e367fa65efd216de110440c6ae723e98\"},\"breadcrumb\":{\"@id\":\"https:\/\/iliosrestaurante.com.mx\/es\/2025\/05\/21\/diseno-cultura-y-alta-gastronomia-asi-sera-ilios-los-cabos\/#breadcrumb\"},\"inLanguage\":\"es\",\"potentialAction\":[{\"@type\":\"ReadAction\",\"target\":[\"https:\/\/iliosrestaurante.com.mx\/es\/2025\/05\/21\/diseno-cultura-y-alta-gastronomia-asi-sera-ilios-los-cabos\/\"]}]},{\"@type\":\"ImageObject\",\"inLanguage\":\"es\",\"@id\":\"https:\/\/iliosrestaurante.com.mx\/es\/2025\/05\/21\/diseno-cultura-y-alta-gastronomia-asi-sera-ilios-los-cabos\/#primaryimage\",\"url\":\"https:\/\/iliosrestaurante.com.mx\/es\/wp-content\/uploads\/sites\/2\/2025\/05\/Ilios_Cabo_Blog3.jpg\",\"contentUrl\":\"https:\/\/iliosrestaurante.com.mx\/es\/wp-content\/uploads\/sites\/2\/2025\/05\/Ilios_Cabo_Blog3.jpg\",\"width\":1910,\"height\":980},{\"@type\":\"BreadcrumbList\",\"@id\":\"https:\/\/iliosrestaurante.com.mx\/es\/2025\/05\/21\/diseno-cultura-y-alta-gastronomia-asi-sera-ilios-los-cabos\/#breadcrumb\",\"itemListElement\":[{\"@type\":\"ListItem\",\"position\":1,\"name\":\"Inicio\",\"item\":\"https:\/\/iliosrestaurante.com.mx\/es\/\"},{\"@type\":\"ListItem\",\"position\":2,\"name\":\"Dise\u00f1o, Cultura y Alta Gastronom\u00eda: As\u00ed Ser\u00e1 Ilios Los Cabos\"}]},{\"@type\":\"WebSite\",\"@id\":\"https:\/\/iliosrestaurante.com.mx\/es\/#website\",\"url\":\"https:\/\/iliosrestaurante.com.mx\/es\/\",\"name\":\"iliosrestaurante es\",\"description\":\"\",\"potentialAction\":[{\"@type\":\"SearchAction\",\"target\":{\"@type\":\"EntryPoint\",\"urlTemplate\":\"https:\/\/iliosrestaurante.com.mx\/es\/?s={search_term_string}\"},\"query-input\":{\"@type\":\"PropertyValueSpecification\",\"valueRequired\":true,\"valueName\":\"search_term_string\"}}],\"inLanguage\":\"es\"},{\"@type\":\"Person\",\"@id\":\"https:\/\/iliosrestaurante.com.mx\/es\/#\/schema\/person\/e367fa65efd216de110440c6ae723e98\",\"name\":\"carlitos\",\"image\":{\"@type\":\"ImageObject\",\"inLanguage\":\"es\",\"@id\":\"https:\/\/iliosrestaurante.com.mx\/es\/#\/schema\/person\/image\/\",\"url\":\"https:\/\/secure.gravatar.com\/avatar\/efa8c149338f44425f1b8ecddc3e9b3d3b1276e0394983b376d1e7bd35a6c0c0?s=96&d=mm&r=g\",\"contentUrl\":\"https:\/\/secure.gravatar.com\/avatar\/efa8c149338f44425f1b8ecddc3e9b3d3b1276e0394983b376d1e7bd35a6c0c0?s=96&d=mm&r=g\",\"caption\":\"carlitos\"},\"url\":\"https:\/\/iliosrestaurante.com.mx\/es\/author\/carlitos\/\"}]}<\/script>\n<!-- \/ Yoast SEO plugin. -->","yoast_head_json":{"title":"Dise\u00f1o, Cultura y Alta Gastronom\u00eda: As\u00ed Ser\u00e1 Ilios Los Cabos - iliosrestaurante es","robots":{"index":"index","follow":"follow","max-snippet":"max-snippet:-1","max-image-preview":"max-image-preview:large","max-video-preview":"max-video-preview:-1"},"canonical":"https:\/\/iliosrestaurante.com.mx\/es\/2025\/05\/21\/diseno-cultura-y-alta-gastronomia-asi-sera-ilios-los-cabos\/","og_locale":"es_MX","og_type":"article","og_title":"Dise\u00f1o, Cultura y Alta Gastronom\u00eda: As\u00ed Ser\u00e1 Ilios Los Cabos - iliosrestaurante es","og_description":"En Los Cabos, donde el dise\u00f1o arquitect\u00f3nico se funde con la naturaleza y la experiencia gastron\u00f3mica exige est\u00e1ndares internacionales, Ilios llega para elevar a\u00fan m\u00e1s el nivel. Con su apertura prevista para mayo, este espacio se prepara para ofrecer una de las atm\u00f3sferas m\u00e1s impactantes de todo el corredor tur\u00edstico. Lo primero que cautiva en [&hellip;]","og_url":"https:\/\/iliosrestaurante.com.mx\/es\/2025\/05\/21\/diseno-cultura-y-alta-gastronomia-asi-sera-ilios-los-cabos\/","og_site_name":"iliosrestaurante es","article_published_time":"2025-05-21T16:55:03+00:00","article_modified_time":"2025-05-21T17:29:01+00:00","og_image":[{"width":1910,"height":980,"url":"https:\/\/iliosrestaurante.com.mx\/es\/wp-content\/uploads\/sites\/2\/2025\/05\/Ilios_Cabo_Blog3.jpg","type":"image\/jpeg"}],"author":"carlitos","twitter_card":"summary_large_image","twitter_misc":{"Escrito por":"carlitos","Tiempo de lectura":"2 minutos"},"schema":{"@context":"https:\/\/schema.org","@graph":[{"@type":"WebPage","@id":"https:\/\/iliosrestaurante.com.mx\/es\/2025\/05\/21\/diseno-cultura-y-alta-gastronomia-asi-sera-ilios-los-cabos\/","url":"https:\/\/iliosrestaurante.com.mx\/es\/2025\/05\/21\/diseno-cultura-y-alta-gastronomia-asi-sera-ilios-los-cabos\/","name":"Dise\u00f1o, Cultura y Alta Gastronom\u00eda: As\u00ed Ser\u00e1 Ilios Los Cabos - iliosrestaurante es","isPartOf":{"@id":"https:\/\/iliosrestaurante.com.mx\/es\/#website"},"primaryImageOfPage":{"@id":"https:\/\/iliosrestaurante.com.mx\/es\/2025\/05\/21\/diseno-cultura-y-alta-gastronomia-asi-sera-ilios-los-cabos\/#primaryimage"},"image":{"@id":"https:\/\/iliosrestaurante.com.mx\/es\/2025\/05\/21\/diseno-cultura-y-alta-gastronomia-asi-sera-ilios-los-cabos\/#primaryimage"},"thumbnailUrl":"https:\/\/iliosrestaurante.com.mx\/es\/wp-content\/uploads\/sites\/2\/2025\/05\/Ilios_Cabo_Blog3.jpg","datePublished":"2025-05-21T16:55:03+00:00","dateModified":"2025-05-21T17:29:01+00:00","author":{"@id":"https:\/\/iliosrestaurante.com.mx\/es\/#\/schema\/person\/e367fa65efd216de110440c6ae723e98"},"breadcrumb":{"@id":"https:\/\/iliosrestaurante.com.mx\/es\/2025\/05\/21\/diseno-cultura-y-alta-gastronomia-asi-sera-ilios-los-cabos\/#breadcrumb"},"inLanguage":"es","potentialAction":[{"@type":"ReadAction","target":["https:\/\/iliosrestaurante.com.mx\/es\/2025\/05\/21\/diseno-cultura-y-alta-gastronomia-asi-sera-ilios-los-cabos\/"]}]},{"@type":"ImageObject","inLanguage":"es","@id":"https:\/\/iliosrestaurante.com.mx\/es\/2025\/05\/21\/diseno-cultura-y-alta-gastronomia-asi-sera-ilios-los-cabos\/#primaryimage","url":"https:\/\/iliosrestaurante.com.mx\/es\/wp-content\/uploads\/sites\/2\/2025\/05\/Ilios_Cabo_Blog3.jpg","contentUrl":"https:\/\/iliosrestaurante.com.mx\/es\/wp-content\/uploads\/sites\/2\/2025\/05\/Ilios_Cabo_Blog3.jpg","width":1910,"height":980},{"@type":"BreadcrumbList","@id":"https:\/\/iliosrestaurante.com.mx\/es\/2025\/05\/21\/diseno-cultura-y-alta-gastronomia-asi-sera-ilios-los-cabos\/#breadcrumb","itemListElement":[{"@type":"ListItem","position":1,"name":"Inicio","item":"https:\/\/iliosrestaurante.com.mx\/es\/"},{"@type":"ListItem","position":2,"name":"Dise\u00f1o, Cultura y Alta Gastronom\u00eda: As\u00ed Ser\u00e1 Ilios Los Cabos"}]},{"@type":"WebSite","@id":"https:\/\/iliosrestaurante.com.mx\/es\/#website","url":"https:\/\/iliosrestaurante.com.mx\/es\/","name":"iliosrestaurante es","description":"","potentialAction":[{"@type":"SearchAction","target":{"@type":"EntryPoint","urlTemplate":"https:\/\/iliosrestaurante.com.mx\/es\/?s={search_term_string}"},"query-input":{"@type":"PropertyValueSpecification","valueRequired":true,"valueName":"search_term_string"}}],"inLanguage":"es"},{"@type":"Person","@id":"https:\/\/iliosrestaurante.com.mx\/es\/#\/schema\/person\/e367fa65efd216de110440c6ae723e98","name":"carlitos","image":{"@type":"ImageObject","inLanguage":"es","@id":"https:\/\/iliosrestaurante.com.mx\/es\/#\/schema\/person\/image\/","url":"https:\/\/secure.gravatar.com\/avatar\/efa8c149338f44425f1b8ecddc3e9b3d3b1276e0394983b376d1e7bd35a6c0c0?s=96&d=mm&r=g","contentUrl":"https:\/\/secure.gravatar.com\/avatar\/efa8c149338f44425f1b8ecddc3e9b3d3b1276e0394983b376d1e7bd35a6c0c0?s=96&d=mm&r=g","caption":"carlitos"},"url":"https:\/\/iliosrestaurante.com.mx\/es\/author\/carlitos\/"}]}},"_links":{"self":[{"href":"https:\/\/iliosrestaurante.com.mx\/es\/wp-json\/wp\/v2\/posts\/12545","targetHints":{"allow":["GET"]}}],"collection":[{"href":"https:\/\/iliosrestaurante.com.mx\/es\/wp-json\/wp\/v2\/posts"}],"about":[{"href":"https:\/\/iliosrestaurante.com.mx\/es\/wp-json\/wp\/v2\/types\/post"}],"author":[{"embeddable":true,"href":"https:\/\/iliosrestaurante.com.mx\/es\/wp-json\/wp\/v2\/users\/3"}],"replies":[{"embeddable":true,"href":"https:\/\/iliosrestaurante.com.mx\/es\/wp-json\/wp\/v2\/comments?post=12545"}],"version-history":[{"count":2,"href":"https:\/\/iliosrestaurante.com.mx\/es\/wp-json\/wp\/v2\/posts\/12545\/revisions"}],"predecessor-version":[{"id":12548,"href":"https:\/\/iliosrestaurante.com.mx\/es\/wp-json\/wp\/v2\/posts\/12545\/revisions\/12548"}],"wp:featuredmedia":[{"embeddable":true,"href":"https:\/\/iliosrestaurante.com.mx\/es\/wp-json\/wp\/v2\/media\/12535"}],"wp:attachment":[{"href":"https:\/\/iliosrestaurante.com.mx\/es\/wp-json\/wp\/v2\/media?parent=12545"}],"wp:term":[{"taxonomy":"category","embeddable":true,"href":"https:\/\/iliosrestaurante.com.mx\/es\/wp-json\/wp\/v2\/categories?post=12545"},{"taxonomy":"post_tag","embeddable":true,"href":"https:\/\/iliosrestaurante.com.mx\/es\/wp-json\/wp\/v2\/tags?post=12545"}],"curies":[{"name":"wp","href":"https:\/\/api.w.org\/{rel}","templated":true}]}}