{"id":6631,"date":"2022-11-11T17:22:36","date_gmt":"2022-11-11T22:22:36","guid":{"rendered":"https:\/\/iliosrestaurante.com.mx\/es\/?p=6631"},"modified":"2022-11-11T17:22:36","modified_gmt":"2022-11-11T22:22:36","slug":"ilios-presente-en-la-zona-vip-del-food-wine-festival","status":"publish","type":"post","link":"https:\/\/iliosrestaurante.com.mx\/es\/2022\/11\/11\/ilios-presente-en-la-zona-vip-del-food-wine-festival\/","title":{"rendered":"ILIOS PRESENTE EN LA ZONA VIP DEL FOOD &amp; WINE FESTIVAL"},"content":{"rendered":"<p><a href=\"https:\/\/grupoandersons.com\/\"><b>Grupo Anderson\u2019s<\/b><\/a><b>,<\/b><span style=\"font-weight: 400\"> ser\u00e1 parte del <\/span><b>Food &amp; Wine Festival<\/b><span style=\"font-weight: 400\"> este <\/span><b>12 y 13 de noviembre<\/b><span style=\"font-weight: 400\"> con sus marcas m\u00e1s emblem\u00e1ticas ubicadas en Ciudad de M\u00e9xico: Porfirio\u2019s, con el fascinante sabor de la cocina mexicana, La Vicenta los expertos en la parrilla, y nuestro restaurante <\/span><b>Ilios, <\/b><span style=\"font-weight: 400\">brindando lo mejor de la gastronom\u00eda griega a M\u00e9xico.<\/span><\/p>\n<p><span style=\"font-weight: 400\">El <\/span><b>Food &amp; Wine Festival<\/b><span style=\"font-weight: 400\">, es un evento que brinda experiencias gastron\u00f3micas gourmet donde podr\u00e1s degustar lo mejor de 40 chefs y restaurantes expertos en ofrecer excelentes propuestas culinarias dentro de la industria. Este a\u00f1o,<\/span> <a href=\"https:\/\/iliosrestaurante.com.mx\/\"><b>Ilios<\/b><\/a><span style=\"font-weight: 400\"> se une a este grandioso programa ofreciendo a todos nuestros invitados, nuestro caracter\u00edstico nivel de exclusividad al realizar nuestros platillos basados en la cocina mediterr\u00e1nea elaborados con los ingredientes m\u00e1s frescos y de alta calidad para deleitar a todo aquel que los pruebe.<\/span><\/p>\n<p><b>\u00bfD\u00f3nde estar\u00e1 ubicado Ilios?<\/b><\/p>\n<p><span style=\"font-weight: 400\">Ilios Greek Estiatorio, es el restaurante griego reconocido por hacer que sus invitados se lleven momentos y experiencias inolvidables en el lugar donde se encuentre, esta vez nos podr\u00e1s encontrar dentro de la <\/span><a href=\"https:\/\/iliosrestaurante.com.mx\/\"><b>Zona VIP BMW<\/b><\/a><b>,<\/b><span style=\"font-weight: 400\"> donde podr\u00e1s deleitar lo mejor de nuestro men\u00fa y poder gritar \u00a1Opa! junto con nosotros.<\/span><\/p>\n<p><span style=\"font-weight: 400\">Te esperamos este <\/span><b>12 y 13 de noviembre<\/b><span style=\"font-weight: 400\"> en la Zona VIP BMW del <\/span><b>Food &amp; Wine Festival<\/b><span style=\"font-weight: 400\"> para que puedas deleitar los mejores sabores de la gastronom\u00eda griega en M\u00e9xico con Ilios.<\/span><\/p>\n<p>&nbsp;<\/p>\n","protected":false},"excerpt":{"rendered":"<p>Grupo Anderson\u2019s, ser\u00e1 parte del Food &amp; Wine Festival este 12 y 13 de noviembre con sus marcas m\u00e1s emblem\u00e1ticas ubicadas en Ciudad de M\u00e9xico: Porfirio\u2019s, con el fascinante sabor de la cocina mexicana, La Vicenta los expertos en la parrilla, y nuestro restaurante Ilios, brindando lo mejor de la gastronom\u00eda griega a M\u00e9xico. El [&hellip;]<\/p>\n","protected":false},"author":1,"featured_media":6633,"comment_status":"open","ping_status":"open","sticky":false,"template":"","format":"standard","meta":{"_acf_changed":false,"footnotes":""},"categories":[12],"tags":[],"class_list":["post-6631","post","type-post","status-publish","format-standard","has-post-thumbnail","hentry","category-uncategorized"],"acf":[],"yoast_head":"<!-- This site is optimized with the Yoast SEO plugin v25.6 - https:\/\/yoast.com\/wordpress\/plugins\/seo\/ -->\n<title>ILIOS PRESENTE EN LA ZONA VIP DEL FOOD &amp; WINE FESTIVAL - iliosrestaurante es<\/title>\n<meta name=\"robots\" content=\"index, follow, max-snippet:-1, max-image-preview:large, max-video-preview:-1\" \/>\n<link rel=\"canonical\" href=\"https:\/\/iliosrestaurante.com.mx\/es\/2022\/11\/11\/ilios-presente-en-la-zona-vip-del-food-wine-festival\/\" \/>\n<meta property=\"og:locale\" content=\"es_MX\" \/>\n<meta property=\"og:type\" content=\"article\" \/>\n<meta property=\"og:title\" content=\"ILIOS PRESENTE EN LA ZONA VIP DEL FOOD &amp; WINE FESTIVAL - iliosrestaurante es\" \/>\n<meta property=\"og:description\" content=\"Grupo Anderson\u2019s, ser\u00e1 parte del Food &amp; Wine Festival este 12 y 13 de noviembre con sus marcas m\u00e1s emblem\u00e1ticas ubicadas en Ciudad de M\u00e9xico: Porfirio\u2019s, con el fascinante sabor de la cocina mexicana, La Vicenta los expertos en la parrilla, y nuestro restaurante Ilios, brindando lo mejor de la gastronom\u00eda griega a M\u00e9xico. El [&hellip;]\" \/>\n<meta property=\"og:url\" content=\"https:\/\/iliosrestaurante.com.mx\/es\/2022\/11\/11\/ilios-presente-en-la-zona-vip-del-food-wine-festival\/\" \/>\n<meta property=\"og:site_name\" content=\"iliosrestaurante es\" \/>\n<meta property=\"article:published_time\" content=\"2022-11-11T22:22:36+00:00\" \/>\n<meta name=\"author\" content=\"roberto\" \/>\n<meta name=\"twitter:card\" content=\"summary_large_image\" \/>\n<meta name=\"twitter:label1\" content=\"Escrito por\" \/>\n\t<meta name=\"twitter:data1\" content=\"roberto\" \/>\n\t<meta name=\"twitter:label2\" content=\"Tiempo de lectura\" \/>\n\t<meta name=\"twitter:data2\" content=\"1 minuto\" \/>\n<script type=\"application\/ld+json\" class=\"yoast-schema-graph\">{\"@context\":\"https:\/\/schema.org\",\"@graph\":[{\"@type\":\"WebPage\",\"@id\":\"https:\/\/iliosrestaurante.com.mx\/es\/2022\/11\/11\/ilios-presente-en-la-zona-vip-del-food-wine-festival\/\",\"url\":\"https:\/\/iliosrestaurante.com.mx\/es\/2022\/11\/11\/ilios-presente-en-la-zona-vip-del-food-wine-festival\/\",\"name\":\"ILIOS PRESENTE EN LA ZONA VIP DEL FOOD &amp; WINE FESTIVAL - iliosrestaurante es\",\"isPartOf\":{\"@id\":\"https:\/\/iliosrestaurante.com.mx\/es\/#website\"},\"primaryImageOfPage\":{\"@id\":\"https:\/\/iliosrestaurante.com.mx\/es\/2022\/11\/11\/ilios-presente-en-la-zona-vip-del-food-wine-festival\/#primaryimage\"},\"image\":{\"@id\":\"https:\/\/iliosrestaurante.com.mx\/es\/2022\/11\/11\/ilios-presente-en-la-zona-vip-del-food-wine-festival\/#primaryimage\"},\"thumbnailUrl\":\"\",\"datePublished\":\"2022-11-11T22:22:36+00:00\",\"author\":{\"@id\":\"https:\/\/iliosrestaurante.com.mx\/es\/#\/schema\/person\/a229e8094804074133d5f53f03955946\"},\"breadcrumb\":{\"@id\":\"https:\/\/iliosrestaurante.com.mx\/es\/2022\/11\/11\/ilios-presente-en-la-zona-vip-del-food-wine-festival\/#breadcrumb\"},\"inLanguage\":\"es\",\"potentialAction\":[{\"@type\":\"ReadAction\",\"target\":[\"https:\/\/iliosrestaurante.com.mx\/es\/2022\/11\/11\/ilios-presente-en-la-zona-vip-del-food-wine-festival\/\"]}]},{\"@type\":\"ImageObject\",\"inLanguage\":\"es\",\"@id\":\"https:\/\/iliosrestaurante.com.mx\/es\/2022\/11\/11\/ilios-presente-en-la-zona-vip-del-food-wine-festival\/#primaryimage\",\"url\":\"\",\"contentUrl\":\"\"},{\"@type\":\"BreadcrumbList\",\"@id\":\"https:\/\/iliosrestaurante.com.mx\/es\/2022\/11\/11\/ilios-presente-en-la-zona-vip-del-food-wine-festival\/#breadcrumb\",\"itemListElement\":[{\"@type\":\"ListItem\",\"position\":1,\"name\":\"Inicio\",\"item\":\"https:\/\/iliosrestaurante.com.mx\/es\/\"},{\"@type\":\"ListItem\",\"position\":2,\"name\":\"ILIOS PRESENTE EN LA ZONA VIP DEL FOOD &amp; WINE FESTIVAL\"}]},{\"@type\":\"WebSite\",\"@id\":\"https:\/\/iliosrestaurante.com.mx\/es\/#website\",\"url\":\"https:\/\/iliosrestaurante.com.mx\/es\/\",\"name\":\"iliosrestaurante es\",\"description\":\"\",\"potentialAction\":[{\"@type\":\"SearchAction\",\"target\":{\"@type\":\"EntryPoint\",\"urlTemplate\":\"https:\/\/iliosrestaurante.com.mx\/es\/?s={search_term_string}\"},\"query-input\":{\"@type\":\"PropertyValueSpecification\",\"valueRequired\":true,\"valueName\":\"search_term_string\"}}],\"inLanguage\":\"es\"},{\"@type\":\"Person\",\"@id\":\"https:\/\/iliosrestaurante.com.mx\/es\/#\/schema\/person\/a229e8094804074133d5f53f03955946\",\"name\":\"roberto\",\"image\":{\"@type\":\"ImageObject\",\"inLanguage\":\"es\",\"@id\":\"https:\/\/iliosrestaurante.com.mx\/es\/#\/schema\/person\/image\/\",\"url\":\"https:\/\/secure.gravatar.com\/avatar\/37a4e9ad22d2ab39c470dbff43203aedf6bff420a0c1ca2f121c6f7d76dfcd2b?s=96&d=mm&r=g\",\"contentUrl\":\"https:\/\/secure.gravatar.com\/avatar\/37a4e9ad22d2ab39c470dbff43203aedf6bff420a0c1ca2f121c6f7d76dfcd2b?s=96&d=mm&r=g\",\"caption\":\"roberto\"},\"sameAs\":[\"https:\/\/localhost\/iliosrestaurante\"],\"url\":\"https:\/\/iliosrestaurante.com.mx\/es\/author\/roberto\/\"}]}<\/script>\n<!-- \/ Yoast SEO plugin. -->","yoast_head_json":{"title":"ILIOS PRESENTE EN LA ZONA VIP DEL FOOD &amp; WINE FESTIVAL - iliosrestaurante es","robots":{"index":"index","follow":"follow","max-snippet":"max-snippet:-1","max-image-preview":"max-image-preview:large","max-video-preview":"max-video-preview:-1"},"canonical":"https:\/\/iliosrestaurante.com.mx\/es\/2022\/11\/11\/ilios-presente-en-la-zona-vip-del-food-wine-festival\/","og_locale":"es_MX","og_type":"article","og_title":"ILIOS PRESENTE EN LA ZONA VIP DEL FOOD &amp; WINE FESTIVAL - iliosrestaurante es","og_description":"Grupo Anderson\u2019s, ser\u00e1 parte del Food &amp; Wine Festival este 12 y 13 de noviembre con sus marcas m\u00e1s emblem\u00e1ticas ubicadas en Ciudad de M\u00e9xico: Porfirio\u2019s, con el fascinante sabor de la cocina mexicana, La Vicenta los expertos en la parrilla, y nuestro restaurante Ilios, brindando lo mejor de la gastronom\u00eda griega a M\u00e9xico. El [&hellip;]","og_url":"https:\/\/iliosrestaurante.com.mx\/es\/2022\/11\/11\/ilios-presente-en-la-zona-vip-del-food-wine-festival\/","og_site_name":"iliosrestaurante es","article_published_time":"2022-11-11T22:22:36+00:00","author":"roberto","twitter_card":"summary_large_image","twitter_misc":{"Escrito por":"roberto","Tiempo de lectura":"1 minuto"},"schema":{"@context":"https:\/\/schema.org","@graph":[{"@type":"WebPage","@id":"https:\/\/iliosrestaurante.com.mx\/es\/2022\/11\/11\/ilios-presente-en-la-zona-vip-del-food-wine-festival\/","url":"https:\/\/iliosrestaurante.com.mx\/es\/2022\/11\/11\/ilios-presente-en-la-zona-vip-del-food-wine-festival\/","name":"ILIOS PRESENTE EN LA ZONA VIP DEL FOOD &amp; WINE FESTIVAL - iliosrestaurante es","isPartOf":{"@id":"https:\/\/iliosrestaurante.com.mx\/es\/#website"},"primaryImageOfPage":{"@id":"https:\/\/iliosrestaurante.com.mx\/es\/2022\/11\/11\/ilios-presente-en-la-zona-vip-del-food-wine-festival\/#primaryimage"},"image":{"@id":"https:\/\/iliosrestaurante.com.mx\/es\/2022\/11\/11\/ilios-presente-en-la-zona-vip-del-food-wine-festival\/#primaryimage"},"thumbnailUrl":"","datePublished":"2022-11-11T22:22:36+00:00","author":{"@id":"https:\/\/iliosrestaurante.com.mx\/es\/#\/schema\/person\/a229e8094804074133d5f53f03955946"},"breadcrumb":{"@id":"https:\/\/iliosrestaurante.com.mx\/es\/2022\/11\/11\/ilios-presente-en-la-zona-vip-del-food-wine-festival\/#breadcrumb"},"inLanguage":"es","potentialAction":[{"@type":"ReadAction","target":["https:\/\/iliosrestaurante.com.mx\/es\/2022\/11\/11\/ilios-presente-en-la-zona-vip-del-food-wine-festival\/"]}]},{"@type":"ImageObject","inLanguage":"es","@id":"https:\/\/iliosrestaurante.com.mx\/es\/2022\/11\/11\/ilios-presente-en-la-zona-vip-del-food-wine-festival\/#primaryimage","url":"","contentUrl":""},{"@type":"BreadcrumbList","@id":"https:\/\/iliosrestaurante.com.mx\/es\/2022\/11\/11\/ilios-presente-en-la-zona-vip-del-food-wine-festival\/#breadcrumb","itemListElement":[{"@type":"ListItem","position":1,"name":"Inicio","item":"https:\/\/iliosrestaurante.com.mx\/es\/"},{"@type":"ListItem","position":2,"name":"ILIOS PRESENTE EN LA ZONA VIP DEL FOOD &amp; WINE FESTIVAL"}]},{"@type":"WebSite","@id":"https:\/\/iliosrestaurante.com.mx\/es\/#website","url":"https:\/\/iliosrestaurante.com.mx\/es\/","name":"iliosrestaurante es","description":"","potentialAction":[{"@type":"SearchAction","target":{"@type":"EntryPoint","urlTemplate":"https:\/\/iliosrestaurante.com.mx\/es\/?s={search_term_string}"},"query-input":{"@type":"PropertyValueSpecification","valueRequired":true,"valueName":"search_term_string"}}],"inLanguage":"es"},{"@type":"Person","@id":"https:\/\/iliosrestaurante.com.mx\/es\/#\/schema\/person\/a229e8094804074133d5f53f03955946","name":"roberto","image":{"@type":"ImageObject","inLanguage":"es","@id":"https:\/\/iliosrestaurante.com.mx\/es\/#\/schema\/person\/image\/","url":"https:\/\/secure.gravatar.com\/avatar\/37a4e9ad22d2ab39c470dbff43203aedf6bff420a0c1ca2f121c6f7d76dfcd2b?s=96&d=mm&r=g","contentUrl":"https:\/\/secure.gravatar.com\/avatar\/37a4e9ad22d2ab39c470dbff43203aedf6bff420a0c1ca2f121c6f7d76dfcd2b?s=96&d=mm&r=g","caption":"roberto"},"sameAs":["https:\/\/localhost\/iliosrestaurante"],"url":"https:\/\/iliosrestaurante.com.mx\/es\/author\/roberto\/"}]}},"_links":{"self":[{"href":"https:\/\/iliosrestaurante.com.mx\/es\/wp-json\/wp\/v2\/posts\/6631","targetHints":{"allow":["GET"]}}],"collection":[{"href":"https:\/\/iliosrestaurante.com.mx\/es\/wp-json\/wp\/v2\/posts"}],"about":[{"href":"https:\/\/iliosrestaurante.com.mx\/es\/wp-json\/wp\/v2\/types\/post"}],"author":[{"embeddable":true,"href":"https:\/\/iliosrestaurante.com.mx\/es\/wp-json\/wp\/v2\/users\/1"}],"replies":[{"embeddable":true,"href":"https:\/\/iliosrestaurante.com.mx\/es\/wp-json\/wp\/v2\/comments?post=6631"}],"version-history":[{"count":0,"href":"https:\/\/iliosrestaurante.com.mx\/es\/wp-json\/wp\/v2\/posts\/6631\/revisions"}],"wp:featuredmedia":[{"embeddable":true,"href":"https:\/\/iliosrestaurante.com.mx\/es\/wp-json\/"}],"wp:attachment":[{"href":"https:\/\/iliosrestaurante.com.mx\/es\/wp-json\/wp\/v2\/media?parent=6631"}],"wp:term":[{"taxonomy":"category","embeddable":true,"href":"https:\/\/iliosrestaurante.com.mx\/es\/wp-json\/wp\/v2\/categories?post=6631"},{"taxonomy":"post_tag","embeddable":true,"href":"https:\/\/iliosrestaurante.com.mx\/es\/wp-json\/wp\/v2\/tags?post=6631"}],"curies":[{"name":"wp","href":"https:\/\/api.w.org\/{rel}","templated":true}]}}